{"id":2022,"date":"2015-03-09T16:00:40","date_gmt":"2015-03-09T15:00:40","guid":{"rendered":"https:\/\/wsv-werder.com\/?p=2022"},"modified":"2025-07-01T08:37:42","modified_gmt":"2025-07-01T06:37:42","slug":"windsurfverein-hat-neuen-vorstand","status":"publish","type":"post","link":"https:\/\/wsv-werder.com\/?p=2022","title":{"rendered":"Windsurfverein hat neuen Vorstand"},"content":{"rendered":"<p>Auf seiner gestrigen Mitgliederversammlung hat der seit 1992 bestehende Windsurfverein Werder\/Havel e.V. einen neuen Vorstand gew\u00e4hlt. Nach 22 Jahren Mitarbeit im Vorstand und 14 Jahren Vereinsvorsitz legte Steffen K\u00f6niger sein Amt aus Zeitgr\u00fcnden nieder. Der 42j\u00e4hrige w\u00fcnscht seinem Nachfolger Dirk Bethke gutes Gelingen f\u00fcr seine Arbeit. \u201eWir haben sehr viel erreicht, hatten zwei Deutsche Meisterschaften auf unserem Vereinsgel\u00e4nde am Zernsee und fast einhundert Mitglieder\u201c, so K\u00f6niger. Als Bethkes Stellvertreter wurde Manfred Putzer gew\u00e4hlt und mit Peter Siewert (Schatzmeister) und Andr\u00e9 Wagner (Jugendwart) sind auch \u201ealte Hasen\u201c vertreten. \u201eSo gesehen ist der Verein sehr gut f\u00fcr k\u00fcnftige Aufgaben aufgestellt.\u201c, meint der Werderaner Surfladenbesitzer Tilo Grahl, der auch nicht mehr als Stellvertreter antrat. Dieses Jahr gelte es, die zwanzigsten Landesmeisterschaften im Oktober zu einem weiteren gro\u00dfen Erfolg werden zu lassen. Durch die guten Kontakte zur Stadt, die immer sehr viel f\u00fcr den Sport unternimmt, sehe er auch keinerlei Probleme f\u00fcr die Zukunft, so der scheidende Vorstandsvorsitzende.<\/p>\n<p>Foto: Christiane F\u00fcchsel. Das Foto zeigt von links nach rechts: Andr\u00e9 Wagner (Jugendwart), Peter Siewert (Schatzmeister), Dirk Bethke (Vorsitzender), Manfred Putzer (stellv. Vorsitzender), Bernd Rudolph (Platzwart). Vielen Dank!<\/p>\n","protected":false},"excerpt":{"rendered":"<p>Auf seiner gestrigen Mitgliederversammlung hat der seit 1992 bestehende Windsurfverein Werder\/Havel e.V. einen neuen Vorstand gew\u00e4hlt. Nach 22 Jahren Mitarbeit im Vorstand und 14 Jahren Vereinsvorsitz legte Steffen K\u00f6niger sein&#8230;<\/p>\n","protected":false},"author":1,"featured_media":2023,"comment_status":"closed","ping_status":"open","sticky":false,"template":"","format":"standard","meta":{"footnotes":""},"categories":[33,20],"tags":[],"class_list":["post-2022","post","type-post","status-publish","format-standard","has-post-thumbnail","hentry","category-33","category-news"],"_links":{"self":[{"href":"https:\/\/wsv-werder.com\/index.php?rest_route=\/wp\/v2\/posts\/2022","targetHints":{"allow":["GET"]}}],"collection":[{"href":"https:\/\/wsv-werder.com\/index.php?rest_route=\/wp\/v2\/posts"}],"about":[{"href":"https:\/\/wsv-werder.com\/index.php?rest_route=\/wp\/v2\/types\/post"}],"author":[{"embeddable":true,"href":"https:\/\/wsv-werder.com\/index.php?rest_route=\/wp\/v2\/users\/1"}],"replies":[{"embeddable":true,"href":"https:\/\/wsv-werder.com\/index.php?rest_route=%2Fwp%2Fv2%2Fcomments&post=2022"}],"version-history":[{"count":1,"href":"https:\/\/wsv-werder.com\/index.php?rest_route=\/wp\/v2\/posts\/2022\/revisions"}],"predecessor-version":[{"id":2024,"href":"https:\/\/wsv-werder.com\/index.php?rest_route=\/wp\/v2\/posts\/2022\/revisions\/2024"}],"wp:featuredmedia":[{"embeddable":true,"href":"https:\/\/wsv-werder.com\/index.php?rest_route=\/wp\/v2\/media\/2023"}],"wp:attachment":[{"href":"https:\/\/wsv-werder.com\/index.php?rest_route=%2Fwp%2Fv2%2Fmedia&parent=2022"}],"wp:term":[{"taxonomy":"category","embeddable":true,"href":"https:\/\/wsv-werder.com\/index.php?rest_route=%2Fwp%2Fv2%2Fcategories&post=2022"},{"taxonomy":"post_tag","embeddable":true,"href":"https:\/\/wsv-werder.com\/index.php?rest_route=%2Fwp%2Fv2%2Ftags&post=2022"}],"curies":[{"name":"wp","href":"https:\/\/api.w.org\/{rel}","templated":true}]}}